{"id":17380,"date":"2025-11-10T08:34:13","date_gmt":"2025-11-10T08:34:13","guid":{"rendered":"http:\/\/citywall.eu\/?p=17380"},"modified":"2026-02-16T12:55:38","modified_gmt":"2026-02-16T12:55:38","slug":"de-jernej-kruder-and-big-fish-8c-9a-on-the-island-of-mallorca","status":"publish","type":"post","link":"https:\/\/citywall.eu\/de\/de-jernej-kruder-and-big-fish-8c-9a-on-the-island-of-mallorca\/","title":{"rendered":"Jernej Kruder und \u201eBig Fish\u201c (8c+\/9a) auf der Insel Mallorca"},"content":{"rendered":"<p style=\"text-align: left;\"><em><strong>Der slowenische Kletterer und unser Botschafter Jernej Kruder hat \u201eBig Fish\u201c, den 8c+\/9a Deep-Water-Solo auf Mallorca in Spanien, wiederholt. Die Linie wurde 2017 von Chris Sharma erstbegangen und stellt nach der ersten Wiederholung 2023 durch Matty Hong erst die dritte Begehung dieses rund 20 Meter hohen Psicoblocs dar.<\/strong><\/em><\/p>\n<p>Diese Geschichte beginnt und endet anders als viele meiner letzten. Nachdem ich 2016 Chris Sharmas \u201eEs Pontas\u201c klettern konnte, richtete ich meinen Blick auf \u201eAlasha\u201c, damals die zweitschwerste Psicobloc-Route der Welt. Ich verbrachte viele Tage dort und investierte viel Energie, doch die Route lie\u00df mich nicht durch. Irgendwann musste ich aufgeben \u2013 eine schwierige Entscheidung. Zum Gl\u00fcck er\u00f6ffnete Chris eine weitere Linie: \u201eBig Fish\u201c. Der Schwierigkeitsgrad war etwas niedriger, doch die Schl\u00fcsselstelle lag fast 20 Meter \u00fcber dem Meer. Die Z\u00fcge wirkten machbar, aber der Ort war dunkel und einsch\u00fcchternd.<\/p>\n<p><img decoding=\"async\" class=\"alignnone size-gallery wp-image-16580\" src=\"http:\/\/citywall.eu\/wp-content\/uploads\/2025\/11\/Jernej-Kruder-and-Mallorca-732x684.jpg\" alt=\"\" width=\"732\" height=\"684\" \/><img decoding=\"async\" class=\"alignnone wp-image-16587\" src=\"http:\/\/citywall.eu\/wp-content\/uploads\/2025\/11\/Jernej-Kruder-and-Mallorca-2.jpg\" alt=\"\" width=\"615\" height=\"755\" srcset=\"https:\/\/citywall.eu\/wp-content\/uploads\/2025\/11\/Jernej-Kruder-and-Mallorca-2.jpg 558w, https:\/\/citywall.eu\/wp-content\/uploads\/2025\/11\/Jernej-Kruder-and-Mallorca-2-244x300.jpg 244w\" sizes=\"(max-width: 615px) 100vw, 615px\" \/><\/p>\n<p>2023 kehrte ich zur\u00fcck, um alles zu geben. Nach einigen Tagen gew\u00f6hnte ich mich an die H\u00f6he und erreichte sogar den letzten schweren Zug. Dann verschlechterte sich das Wetter, und mental konnte ich dem Druck nicht standhalten. Ich verlie\u00df Mallorca ohne Erfolg. Im vergangenen Jahr buchte ich erneut Fl\u00fcge \u2013 entschied mich jedoch kurz vor der Abreise, wegen schlechter Wetterbedingungen zu Hause zu bleiben und mich besser auf meine bevorstehende Reise nach Yosemite vorzubereiten.<\/p>\n<p>In diesem Jahr war alles anders. Ich konzentrierte mich vollst\u00e4ndig auf das Klettern am Fels. Ich kletterte anspruchsvolle Mehrseill\u00e4ngenrouten und Boulderprobleme und konnte sogar zwei meiner Trad-Projekte an den letzten Tagen meiner Reisen abschlie\u00dfen. Mit meiner bisherigen Saison war ich sehr zufrieden, daher blieb nur noch eines offen: \u201eBig Fish\u201c erneut zu versuchen. Meine Erwartungen waren nicht hoch \u2013 seit meiner Reise nach Squamish hatte ich weder intensiv trainiert noch besonders schwer geklettert. Ehrlich gesagt wollte ich lediglich herausfinden, ob sich eine R\u00fcckkehr im Dezember lohnen w\u00fcrde.<\/p>\n<p>Mein erstes Gef\u00fchl nach zwei Jahren war \u00fcberraschend positiv. Ich f\u00fchlte mich nicht zu schwach und \u2013 noch wichtiger \u2013 ich f\u00fchlte mich hoch \u00fcber dem Wasser erstaunlich sicher. Zweimal vom ersten schweren Zug am ersten Tag zu fallen, war eher eine Gew\u00f6hnung ans St\u00fcrzen als ein ernsthafter Rotpunkt-Versuch.<\/p>\n<p><img decoding=\"async\" class=\"alignnone wp-image-16594\" src=\"http:\/\/citywall.eu\/wp-content\/uploads\/2025\/11\/Jernej-Kruder-and-Mallorca-6.jpg\" alt=\"\" width=\"699\" height=\"835\" srcset=\"https:\/\/citywall.eu\/wp-content\/uploads\/2025\/11\/Jernej-Kruder-and-Mallorca-6.jpg 559w, https:\/\/citywall.eu\/wp-content\/uploads\/2025\/11\/Jernej-Kruder-and-Mallorca-6-251x300.jpg 251w\" sizes=\"(max-width: 699px) 100vw, 699px\" \/><\/p>\n<p>Am n\u00e4chsten Tag war alles anders. Ich war nur mit zwei Freunden dort \u2013 Jairo und Carlos. Ich f\u00fchlte mich bereit, alles zu riskieren. Das Meer war ruhig, die Luft trocken. Der erste Teil gelang mir souver\u00e4n. Dann schien die Zeit stillzustehen. Ich war vollkommen im Moment \u2013 kein Jubel meiner Freunde, keine Musik, keine Gedanken an Vergangenheit oder Zukunft. Nur reine Konzentration auf den n\u00e4chsten Zug. Ich kletterte durch die Schl\u00fcsselstelle und stand pl\u00f6tzlich auf dem Ausstieg einer meiner Lieblingslinien weltweit.<\/p>\n<p><img decoding=\"async\" class=\"alignnone size-full wp-image-16601\" src=\"http:\/\/citywall.eu\/wp-content\/uploads\/2025\/11\/Jernej-Kruder-and-Mallorca-3.jpg\" alt=\"\" width=\"747\" height=\"637\" srcset=\"https:\/\/citywall.eu\/wp-content\/uploads\/2025\/11\/Jernej-Kruder-and-Mallorca-3.jpg 747w, https:\/\/citywall.eu\/wp-content\/uploads\/2025\/11\/Jernej-Kruder-and-Mallorca-3-300x256.jpg 300w, https:\/\/citywall.eu\/wp-content\/uploads\/2025\/11\/Jernej-Kruder-and-Mallorca-3-705x601.jpg 705w\" sizes=\"(max-width: 747px) 100vw, 747px\" \/><img decoding=\"async\" class=\"alignnone wp-image-16608\" src=\"http:\/\/citywall.eu\/wp-content\/uploads\/2025\/11\/Jernej-Kruder-and-Mallorca-4-563x684.jpg\" alt=\"\" width=\"600\" height=\"729\" \/><\/p>\n<p>Nachdem sich die Bedingungen verschlechterten, verbrachte ich den Rest meiner Reise damit, die Insel zu genie\u00dfen und neue Projekte anzusehen. An meinem letzten Tag kletterte ich \u201eFace Your Fear\u201c (8b) im zweiten Versuch.<\/p>\n<p>&#8211;\u00a0Jernej Kruder<a href=\"https:\/\/www.planetmountain.com\/en\/news?parola=jernej%20kruder\">,<\/a>\u00a0Slovenia<\/p>\n<p>&nbsp;<\/p>\n<p>&nbsp;<\/p>\n<h3 data-start=\"3049\" data-end=\"3078\"><\/h3>\n","protected":false},"excerpt":{"rendered":"<p>Der slowenische Kletterer und unser Botschafter Jernej Kruder hat \u201eBig Fish\u201c, den 8c+\/9a Deep-Water-Solo auf Mallorca in Spanien, wiederholt. Die Linie wurde 2017 von Chris Sharma erstbegangen und stellt nach der ersten Wiederholung 2023 durch Matty Hong erst die dritte Begehung dieses rund 20 Meter hohen Psicoblocs dar. Diese Geschichte beginnt und endet anders als [&hellip;]<\/p>\n","protected":false},"author":1,"featured_media":17542,"comment_status":"closed","ping_status":"open","sticky":false,"template":"","format":"standard","meta":{"inline_featured_image":false,"footnotes":""},"categories":[19],"tags":[],"class_list":["post-17380","post","type-post","status-publish","format-standard","has-post-thumbnail","hentry","category-news-de"],"acf":[],"yoast_head":"<!-- This site is optimized with the Yoast SEO plugin v27.3 - https:\/\/yoast.com\/product\/yoast-seo-wordpress\/ -->\n<title>Jernej Kruder und \u201eBig Fish\u201c (8c+\/9a) auf der Insel Mallorca - Citywall.eu<\/title>\n<meta name=\"robots\" content=\"index, follow, max-snippet:-1, max-image-preview:large, max-video-preview:-1\" \/>\n<link rel=\"canonical\" href=\"https:\/\/citywall.eu\/de\/de-jernej-kruder-and-big-fish-8c-9a-on-the-island-of-mallorca\/\" \/>\n<meta property=\"og:locale\" content=\"de_DE\" \/>\n<meta property=\"og:type\" content=\"article\" \/>\n<meta property=\"og:title\" content=\"Jernej Kruder und \u201eBig Fish\u201c (8c+\/9a) auf der Insel Mallorca - Citywall.eu\" \/>\n<meta property=\"og:description\" content=\"Der slowenische Kletterer und unser Botschafter Jernej Kruder hat \u201eBig Fish\u201c, den 8c+\/9a Deep-Water-Solo auf Mallorca in Spanien, wiederholt. Die Linie wurde 2017 von Chris Sharma erstbegangen und stellt nach der ersten Wiederholung 2023 durch Matty Hong erst die dritte Begehung dieses rund 20 Meter hohen Psicoblocs dar. Diese Geschichte beginnt und endet anders als [&hellip;]\" \/>\n<meta property=\"og:url\" content=\"https:\/\/citywall.eu\/de\/de-jernej-kruder-and-big-fish-8c-9a-on-the-island-of-mallorca\/\" \/>\n<meta property=\"og:site_name\" content=\"Citywall.eu\" \/>\n<meta property=\"article:published_time\" content=\"2025-11-10T08:34:13+00:00\" \/>\n<meta property=\"article:modified_time\" content=\"2026-02-16T12:55:38+00:00\" \/>\n<meta property=\"og:image\" content=\"https:\/\/citywall.eu\/wp-content\/uploads\/2025\/11\/Jernej-Kruder-and-Mallorca-Spain-495x400-1.jpg\" \/>\n\t<meta property=\"og:image:width\" content=\"495\" \/>\n\t<meta property=\"og:image:height\" content=\"400\" \/>\n\t<meta property=\"og:image:type\" content=\"image\/jpeg\" \/>\n<meta name=\"author\" content=\"vendi\" \/>\n<meta name=\"twitter:card\" content=\"summary_large_image\" \/>\n<meta name=\"twitter:label1\" content=\"Verfasst von\" \/>\n\t<meta name=\"twitter:data1\" content=\"vendi\" \/>\n\t<meta name=\"twitter:label2\" content=\"Gesch\u00e4tzte Lesezeit\" \/>\n\t<meta name=\"twitter:data2\" content=\"4\u00a0Minuten\" \/>\n<script type=\"application\/ld+json\" class=\"yoast-schema-graph\">{\"@context\":\"https:\\\/\\\/schema.org\",\"@graph\":[{\"@type\":\"Article\",\"@id\":\"https:\\\/\\\/citywall.eu\\\/de\\\/de-jernej-kruder-and-big-fish-8c-9a-on-the-island-of-mallorca\\\/#article\",\"isPartOf\":{\"@id\":\"https:\\\/\\\/citywall.eu\\\/de\\\/de-jernej-kruder-and-big-fish-8c-9a-on-the-island-of-mallorca\\\/\"},\"author\":{\"name\":\"vendi\",\"@id\":\"https:\\\/\\\/citywall.eu\\\/de\\\/#\\\/schema\\\/person\\\/fe871256e129e2eb130de3d0b81ea658\"},\"headline\":\"Jernej Kruder und \u201eBig Fish\u201c (8c+\\\/9a) auf der Insel Mallorca\",\"datePublished\":\"2025-11-10T08:34:13+00:00\",\"dateModified\":\"2026-02-16T12:55:38+00:00\",\"mainEntityOfPage\":{\"@id\":\"https:\\\/\\\/citywall.eu\\\/de\\\/de-jernej-kruder-and-big-fish-8c-9a-on-the-island-of-mallorca\\\/\"},\"wordCount\":494,\"image\":{\"@id\":\"https:\\\/\\\/citywall.eu\\\/de\\\/de-jernej-kruder-and-big-fish-8c-9a-on-the-island-of-mallorca\\\/#primaryimage\"},\"thumbnailUrl\":\"https:\\\/\\\/citywall.eu\\\/wp-content\\\/uploads\\\/2025\\\/11\\\/Jernej-Kruder-and-Mallorca-Spain-495x400-1.jpg\",\"articleSection\":[\"News\"],\"inLanguage\":\"de\"},{\"@type\":\"WebPage\",\"@id\":\"https:\\\/\\\/citywall.eu\\\/de\\\/de-jernej-kruder-and-big-fish-8c-9a-on-the-island-of-mallorca\\\/\",\"url\":\"https:\\\/\\\/citywall.eu\\\/de\\\/de-jernej-kruder-and-big-fish-8c-9a-on-the-island-of-mallorca\\\/\",\"name\":\"Jernej Kruder und \u201eBig Fish\u201c (8c+\\\/9a) auf der Insel Mallorca - Citywall.eu\",\"isPartOf\":{\"@id\":\"https:\\\/\\\/citywall.eu\\\/de\\\/#website\"},\"primaryImageOfPage\":{\"@id\":\"https:\\\/\\\/citywall.eu\\\/de\\\/de-jernej-kruder-and-big-fish-8c-9a-on-the-island-of-mallorca\\\/#primaryimage\"},\"image\":{\"@id\":\"https:\\\/\\\/citywall.eu\\\/de\\\/de-jernej-kruder-and-big-fish-8c-9a-on-the-island-of-mallorca\\\/#primaryimage\"},\"thumbnailUrl\":\"https:\\\/\\\/citywall.eu\\\/wp-content\\\/uploads\\\/2025\\\/11\\\/Jernej-Kruder-and-Mallorca-Spain-495x400-1.jpg\",\"datePublished\":\"2025-11-10T08:34:13+00:00\",\"dateModified\":\"2026-02-16T12:55:38+00:00\",\"author\":{\"@id\":\"https:\\\/\\\/citywall.eu\\\/de\\\/#\\\/schema\\\/person\\\/fe871256e129e2eb130de3d0b81ea658\"},\"breadcrumb\":{\"@id\":\"https:\\\/\\\/citywall.eu\\\/de\\\/de-jernej-kruder-and-big-fish-8c-9a-on-the-island-of-mallorca\\\/#breadcrumb\"},\"inLanguage\":\"de\",\"potentialAction\":[{\"@type\":\"ReadAction\",\"target\":[\"https:\\\/\\\/citywall.eu\\\/de\\\/de-jernej-kruder-and-big-fish-8c-9a-on-the-island-of-mallorca\\\/\"]}]},{\"@type\":\"ImageObject\",\"inLanguage\":\"de\",\"@id\":\"https:\\\/\\\/citywall.eu\\\/de\\\/de-jernej-kruder-and-big-fish-8c-9a-on-the-island-of-mallorca\\\/#primaryimage\",\"url\":\"https:\\\/\\\/citywall.eu\\\/wp-content\\\/uploads\\\/2025\\\/11\\\/Jernej-Kruder-and-Mallorca-Spain-495x400-1.jpg\",\"contentUrl\":\"https:\\\/\\\/citywall.eu\\\/wp-content\\\/uploads\\\/2025\\\/11\\\/Jernej-Kruder-and-Mallorca-Spain-495x400-1.jpg\",\"width\":495,\"height\":400},{\"@type\":\"BreadcrumbList\",\"@id\":\"https:\\\/\\\/citywall.eu\\\/de\\\/de-jernej-kruder-and-big-fish-8c-9a-on-the-island-of-mallorca\\\/#breadcrumb\",\"itemListElement\":[{\"@type\":\"ListItem\",\"position\":1,\"name\":\"Home\",\"item\":\"https:\\\/\\\/citywall.eu\\\/de\\\/homepage\\\/\"},{\"@type\":\"ListItem\",\"position\":2,\"name\":\"Jernej Kruder und \u201eBig Fish\u201c (8c+\\\/9a) auf der Insel Mallorca\"}]},{\"@type\":\"WebSite\",\"@id\":\"https:\\\/\\\/citywall.eu\\\/de\\\/#website\",\"url\":\"https:\\\/\\\/citywall.eu\\\/de\\\/\",\"name\":\"Citywall.eu\",\"description\":\"Climbing Walls Manufacturer\",\"potentialAction\":[{\"@type\":\"SearchAction\",\"target\":{\"@type\":\"EntryPoint\",\"urlTemplate\":\"https:\\\/\\\/citywall.eu\\\/de\\\/?s={search_term_string}\"},\"query-input\":{\"@type\":\"PropertyValueSpecification\",\"valueRequired\":true,\"valueName\":\"search_term_string\"}}],\"inLanguage\":\"de\"},{\"@type\":\"Person\",\"@id\":\"https:\\\/\\\/citywall.eu\\\/de\\\/#\\\/schema\\\/person\\\/fe871256e129e2eb130de3d0b81ea658\",\"name\":\"vendi\",\"image\":{\"@type\":\"ImageObject\",\"inLanguage\":\"de\",\"@id\":\"https:\\\/\\\/secure.gravatar.com\\\/avatar\\\/64cc18d0a07062a9d571ca3f1496198d8f213e7ab0de8a870eab6befc1feb187?s=96&d=mm&r=g\",\"url\":\"https:\\\/\\\/secure.gravatar.com\\\/avatar\\\/64cc18d0a07062a9d571ca3f1496198d8f213e7ab0de8a870eab6befc1feb187?s=96&d=mm&r=g\",\"contentUrl\":\"https:\\\/\\\/secure.gravatar.com\\\/avatar\\\/64cc18d0a07062a9d571ca3f1496198d8f213e7ab0de8a870eab6befc1feb187?s=96&d=mm&r=g\",\"caption\":\"vendi\"}}]}<\/script>\n<!-- \/ Yoast SEO plugin. -->","yoast_head_json":{"title":"Jernej Kruder und \u201eBig Fish\u201c (8c+\/9a) auf der Insel Mallorca - Citywall.eu","robots":{"index":"index","follow":"follow","max-snippet":"max-snippet:-1","max-image-preview":"max-image-preview:large","max-video-preview":"max-video-preview:-1"},"canonical":"https:\/\/citywall.eu\/de\/de-jernej-kruder-and-big-fish-8c-9a-on-the-island-of-mallorca\/","og_locale":"de_DE","og_type":"article","og_title":"Jernej Kruder und \u201eBig Fish\u201c (8c+\/9a) auf der Insel Mallorca - Citywall.eu","og_description":"Der slowenische Kletterer und unser Botschafter Jernej Kruder hat \u201eBig Fish\u201c, den 8c+\/9a Deep-Water-Solo auf Mallorca in Spanien, wiederholt. Die Linie wurde 2017 von Chris Sharma erstbegangen und stellt nach der ersten Wiederholung 2023 durch Matty Hong erst die dritte Begehung dieses rund 20 Meter hohen Psicoblocs dar. Diese Geschichte beginnt und endet anders als [&hellip;]","og_url":"https:\/\/citywall.eu\/de\/de-jernej-kruder-and-big-fish-8c-9a-on-the-island-of-mallorca\/","og_site_name":"Citywall.eu","article_published_time":"2025-11-10T08:34:13+00:00","article_modified_time":"2026-02-16T12:55:38+00:00","og_image":[{"width":495,"height":400,"url":"https:\/\/citywall.eu\/wp-content\/uploads\/2025\/11\/Jernej-Kruder-and-Mallorca-Spain-495x400-1.jpg","type":"image\/jpeg"}],"author":"vendi","twitter_card":"summary_large_image","twitter_misc":{"Verfasst von":"vendi","Gesch\u00e4tzte Lesezeit":"4\u00a0Minuten"},"schema":{"@context":"https:\/\/schema.org","@graph":[{"@type":"Article","@id":"https:\/\/citywall.eu\/de\/de-jernej-kruder-and-big-fish-8c-9a-on-the-island-of-mallorca\/#article","isPartOf":{"@id":"https:\/\/citywall.eu\/de\/de-jernej-kruder-and-big-fish-8c-9a-on-the-island-of-mallorca\/"},"author":{"name":"vendi","@id":"https:\/\/citywall.eu\/de\/#\/schema\/person\/fe871256e129e2eb130de3d0b81ea658"},"headline":"Jernej Kruder und \u201eBig Fish\u201c (8c+\/9a) auf der Insel Mallorca","datePublished":"2025-11-10T08:34:13+00:00","dateModified":"2026-02-16T12:55:38+00:00","mainEntityOfPage":{"@id":"https:\/\/citywall.eu\/de\/de-jernej-kruder-and-big-fish-8c-9a-on-the-island-of-mallorca\/"},"wordCount":494,"image":{"@id":"https:\/\/citywall.eu\/de\/de-jernej-kruder-and-big-fish-8c-9a-on-the-island-of-mallorca\/#primaryimage"},"thumbnailUrl":"https:\/\/citywall.eu\/wp-content\/uploads\/2025\/11\/Jernej-Kruder-and-Mallorca-Spain-495x400-1.jpg","articleSection":["News"],"inLanguage":"de"},{"@type":"WebPage","@id":"https:\/\/citywall.eu\/de\/de-jernej-kruder-and-big-fish-8c-9a-on-the-island-of-mallorca\/","url":"https:\/\/citywall.eu\/de\/de-jernej-kruder-and-big-fish-8c-9a-on-the-island-of-mallorca\/","name":"Jernej Kruder und \u201eBig Fish\u201c (8c+\/9a) auf der Insel Mallorca - Citywall.eu","isPartOf":{"@id":"https:\/\/citywall.eu\/de\/#website"},"primaryImageOfPage":{"@id":"https:\/\/citywall.eu\/de\/de-jernej-kruder-and-big-fish-8c-9a-on-the-island-of-mallorca\/#primaryimage"},"image":{"@id":"https:\/\/citywall.eu\/de\/de-jernej-kruder-and-big-fish-8c-9a-on-the-island-of-mallorca\/#primaryimage"},"thumbnailUrl":"https:\/\/citywall.eu\/wp-content\/uploads\/2025\/11\/Jernej-Kruder-and-Mallorca-Spain-495x400-1.jpg","datePublished":"2025-11-10T08:34:13+00:00","dateModified":"2026-02-16T12:55:38+00:00","author":{"@id":"https:\/\/citywall.eu\/de\/#\/schema\/person\/fe871256e129e2eb130de3d0b81ea658"},"breadcrumb":{"@id":"https:\/\/citywall.eu\/de\/de-jernej-kruder-and-big-fish-8c-9a-on-the-island-of-mallorca\/#breadcrumb"},"inLanguage":"de","potentialAction":[{"@type":"ReadAction","target":["https:\/\/citywall.eu\/de\/de-jernej-kruder-and-big-fish-8c-9a-on-the-island-of-mallorca\/"]}]},{"@type":"ImageObject","inLanguage":"de","@id":"https:\/\/citywall.eu\/de\/de-jernej-kruder-and-big-fish-8c-9a-on-the-island-of-mallorca\/#primaryimage","url":"https:\/\/citywall.eu\/wp-content\/uploads\/2025\/11\/Jernej-Kruder-and-Mallorca-Spain-495x400-1.jpg","contentUrl":"https:\/\/citywall.eu\/wp-content\/uploads\/2025\/11\/Jernej-Kruder-and-Mallorca-Spain-495x400-1.jpg","width":495,"height":400},{"@type":"BreadcrumbList","@id":"https:\/\/citywall.eu\/de\/de-jernej-kruder-and-big-fish-8c-9a-on-the-island-of-mallorca\/#breadcrumb","itemListElement":[{"@type":"ListItem","position":1,"name":"Home","item":"https:\/\/citywall.eu\/de\/homepage\/"},{"@type":"ListItem","position":2,"name":"Jernej Kruder und \u201eBig Fish\u201c (8c+\/9a) auf der Insel Mallorca"}]},{"@type":"WebSite","@id":"https:\/\/citywall.eu\/de\/#website","url":"https:\/\/citywall.eu\/de\/","name":"Citywall.eu","description":"Climbing Walls Manufacturer","potentialAction":[{"@type":"SearchAction","target":{"@type":"EntryPoint","urlTemplate":"https:\/\/citywall.eu\/de\/?s={search_term_string}"},"query-input":{"@type":"PropertyValueSpecification","valueRequired":true,"valueName":"search_term_string"}}],"inLanguage":"de"},{"@type":"Person","@id":"https:\/\/citywall.eu\/de\/#\/schema\/person\/fe871256e129e2eb130de3d0b81ea658","name":"vendi","image":{"@type":"ImageObject","inLanguage":"de","@id":"https:\/\/secure.gravatar.com\/avatar\/64cc18d0a07062a9d571ca3f1496198d8f213e7ab0de8a870eab6befc1feb187?s=96&d=mm&r=g","url":"https:\/\/secure.gravatar.com\/avatar\/64cc18d0a07062a9d571ca3f1496198d8f213e7ab0de8a870eab6befc1feb187?s=96&d=mm&r=g","contentUrl":"https:\/\/secure.gravatar.com\/avatar\/64cc18d0a07062a9d571ca3f1496198d8f213e7ab0de8a870eab6befc1feb187?s=96&d=mm&r=g","caption":"vendi"}}]}},"_links":{"self":[{"href":"https:\/\/citywall.eu\/de\/wp-json\/wp\/v2\/posts\/17380","targetHints":{"allow":["GET"]}}],"collection":[{"href":"https:\/\/citywall.eu\/de\/wp-json\/wp\/v2\/posts"}],"about":[{"href":"https:\/\/citywall.eu\/de\/wp-json\/wp\/v2\/types\/post"}],"author":[{"embeddable":true,"href":"https:\/\/citywall.eu\/de\/wp-json\/wp\/v2\/users\/1"}],"replies":[{"embeddable":true,"href":"https:\/\/citywall.eu\/de\/wp-json\/wp\/v2\/comments?post=17380"}],"version-history":[{"count":8,"href":"https:\/\/citywall.eu\/de\/wp-json\/wp\/v2\/posts\/17380\/revisions"}],"predecessor-version":[{"id":17564,"href":"https:\/\/citywall.eu\/de\/wp-json\/wp\/v2\/posts\/17380\/revisions\/17564"}],"wp:featuredmedia":[{"embeddable":true,"href":"https:\/\/citywall.eu\/de\/wp-json\/wp\/v2\/media\/17542"}],"wp:attachment":[{"href":"https:\/\/citywall.eu\/de\/wp-json\/wp\/v2\/media?parent=17380"}],"wp:term":[{"taxonomy":"category","embeddable":true,"href":"https:\/\/citywall.eu\/de\/wp-json\/wp\/v2\/categories?post=17380"},{"taxonomy":"post_tag","embeddable":true,"href":"https:\/\/citywall.eu\/de\/wp-json\/wp\/v2\/tags?post=17380"}],"curies":[{"name":"wp","href":"https:\/\/api.w.org\/{rel}","templated":true}]}}