{"id":17382,"date":"2025-09-05T09:03:38","date_gmt":"2025-09-05T09:03:38","guid":{"rendered":"http:\/\/citywall.eu\/?p=17382"},"modified":"2026-02-16T12:57:13","modified_gmt":"2026-02-16T12:57:13","slug":"de-kanjonfest-2025","status":"publish","type":"post","link":"https:\/\/citywall.eu\/de\/de-kanjonfest-2025\/","title":{"rendered":"Kanjonfest 2025"},"content":{"rendered":"<p>Citywall war Teil des diesj\u00e4hrigen Kanjonfest 2025.<\/p>\n<p>Fest in der lokalen Gemeinschaft verankert, brachte das Kanjonfest Kletterbegeisterte aus aller Welt zusammen.<\/p>\n<p>Das Festival bot inspirierende Workshops, ein abwechslungsreiches Kletterprogramm und zahlreiche Momente des Austauschs \u2013 voller Energie und Leidenschaft f\u00fcr den Klettersport. \ud83d\udcaa\ud83e\uddd7\u200d\u2640\ufe0f<\/p>\n<p>\ud83d\udcf8 Werfen Sie einen Blick in die Galerie, erleben Sie die besondere Atmosph\u00e4re dieses einzigartigen Festivals noch einmal und sichern Sie sich rechtzeitig Ihren Platz f\u00fcr das n\u00e4chste Jahr.<\/p>\n<p>Entdecken Sie alle Highlights und unvergesslichen Momente des Kanjonfest 2025 in unserer Galerie.<\/p>\n<p>&nbsp;<\/p>\n\n\t\t<style type=\"text\/css\">\n\t\t\t#gallery-1 {\n\t\t\t\tmargin: auto;\n\t\t\t}\n\t\t\t#gallery-1 .gallery-item {\n\t\t\t\tfloat: left;\n\t\t\t\tmargin-top: 10px;\n\t\t\t\ttext-align: center;\n\t\t\t\twidth: 33%;\n\t\t\t}\n\t\t\t#gallery-1 img {\n\t\t\t\tborder: 2px solid #cfcfcf;\n\t\t\t}\n\t\t\t#gallery-1 .gallery-caption {\n\t\t\t\tmargin-left: 0;\n\t\t\t}\n\t\t\t\/* see gallery_shortcode() in wp-includes\/media.php *\/\n\t\t<\/style>\n\t\t<div id='gallery-1' class='gallery galleryid-17382 gallery-columns-3 gallery-size-gallery'><dl class='gallery-item'>\n\t\t\t<dt class='gallery-icon landscape'>\n\t\t\t\t<a href='https:\/\/citywall.eu\/de\/123___kanjonfest-2025___dsc7964-2\/'><img decoding=\"async\" width=\"845\" height=\"684\" src=\"https:\/\/citywall.eu\/wp-content\/uploads\/2025\/09\/123___Kanjonfest-2025___DSC7964-845x684.jpg\" class=\"attachment-gallery size-gallery\" alt=\"\" \/><\/a>\n\t\t\t<\/dt><\/dl><dl class='gallery-item'>\n\t\t\t<dt class='gallery-icon landscape'>\n\t\t\t\t<a href='https:\/\/citywall.eu\/de\/148___kanjonfest-2025___dsc8066-2\/'><img decoding=\"async\" width=\"845\" height=\"684\" src=\"https:\/\/citywall.eu\/wp-content\/uploads\/2025\/09\/148___Kanjonfest-2025___DSC8066-845x684.jpg\" class=\"attachment-gallery size-gallery\" alt=\"\" \/><\/a>\n\t\t\t<\/dt><\/dl><dl class='gallery-item'>\n\t\t\t<dt class='gallery-icon landscape'>\n\t\t\t\t<a href='https:\/\/citywall.eu\/de\/190___kanjonfest-2025___dsc8251-2\/'><img decoding=\"async\" width=\"845\" height=\"684\" src=\"https:\/\/citywall.eu\/wp-content\/uploads\/2025\/09\/190___Kanjonfest-2025___DSC8251-845x684.jpg\" class=\"attachment-gallery size-gallery\" alt=\"\" \/><\/a>\n\t\t\t<\/dt><\/dl><br style=\"clear: both\" \/><dl class='gallery-item'>\n\t\t\t<dt class='gallery-icon landscape'>\n\t\t\t\t<a href='https:\/\/citywall.eu\/de\/446___kanjonfest-2025___dsc9640-2\/'><img decoding=\"async\" width=\"845\" height=\"684\" src=\"https:\/\/citywall.eu\/wp-content\/uploads\/2025\/09\/446___Kanjonfest-2025___DSC9640-845x684.jpg\" class=\"attachment-gallery size-gallery\" alt=\"\" \/><\/a>\n\t\t\t<\/dt><\/dl><dl class='gallery-item'>\n\t\t\t<dt class='gallery-icon landscape'>\n\t\t\t\t<a href='https:\/\/citywall.eu\/de\/459___kanjonfest-2025___dsc9700-2\/'><img decoding=\"async\" width=\"845\" height=\"684\" src=\"https:\/\/citywall.eu\/wp-content\/uploads\/2025\/09\/459___Kanjonfest-2025___DSC9700-845x684.jpg\" class=\"attachment-gallery size-gallery\" alt=\"\" \/><\/a>\n\t\t\t<\/dt><\/dl><dl class='gallery-item'>\n\t\t\t<dt class='gallery-icon landscape'>\n\t\t\t\t<a href='https:\/\/citywall.eu\/de\/603___kanjonfest-2025___dsc0268-2\/'><img decoding=\"async\" width=\"845\" height=\"684\" src=\"https:\/\/citywall.eu\/wp-content\/uploads\/2025\/09\/603___Kanjonfest-2025___DSC0268-845x684.jpg\" class=\"attachment-gallery size-gallery\" alt=\"\" \/><\/a>\n\t\t\t<\/dt><\/dl><br style=\"clear: both\" \/><dl class='gallery-item'>\n\t\t\t<dt class='gallery-icon portrait'>\n\t\t\t\t<a href='https:\/\/citywall.eu\/de\/770___kanjonfest-2025___dsc1045-2\/'><img decoding=\"async\" width=\"845\" height=\"684\" src=\"https:\/\/citywall.eu\/wp-content\/uploads\/2025\/09\/770___Kanjonfest-2025___DSC1045-845x684.jpg\" class=\"attachment-gallery size-gallery\" alt=\"\" \/><\/a>\n\t\t\t<\/dt><\/dl><dl class='gallery-item'>\n\t\t\t<dt class='gallery-icon portrait'>\n\t\t\t\t<a href='https:\/\/citywall.eu\/de\/792___kanjonfest-2025___dsc1287-2\/'><img decoding=\"async\" width=\"845\" height=\"684\" src=\"https:\/\/citywall.eu\/wp-content\/uploads\/2025\/09\/792___Kanjonfest-2025___DSC1287-845x684.jpg\" class=\"attachment-gallery size-gallery\" alt=\"\" \/><\/a>\n\t\t\t<\/dt><\/dl><dl class='gallery-item'>\n\t\t\t<dt class='gallery-icon portrait'>\n\t\t\t\t<a href='https:\/\/citywall.eu\/de\/797___kanjonfest-2025___dsc1323-2\/'><img decoding=\"async\" width=\"845\" height=\"684\" src=\"https:\/\/citywall.eu\/wp-content\/uploads\/2025\/09\/797___Kanjonfest-2025___DSC1323-845x684.jpg\" class=\"attachment-gallery size-gallery\" alt=\"\" \/><\/a>\n\t\t\t<\/dt><\/dl><br style=\"clear: both\" \/><dl class='gallery-item'>\n\t\t\t<dt class='gallery-icon landscape'>\n\t\t\t\t<a href='https:\/\/citywall.eu\/de\/862___kanjonfest-2025___dsc1998-2\/'><img decoding=\"async\" width=\"845\" height=\"684\" src=\"https:\/\/citywall.eu\/wp-content\/uploads\/2025\/09\/862___Kanjonfest-2025___DSC1998-845x684.jpg\" class=\"attachment-gallery size-gallery\" alt=\"\" \/><\/a>\n\t\t\t<\/dt><\/dl><dl class='gallery-item'>\n\t\t\t<dt class='gallery-icon landscape'>\n\t\t\t\t<a href='https:\/\/citywall.eu\/de\/967___kanjonfest-2025___dsc2943-2\/'><img decoding=\"async\" width=\"845\" height=\"684\" src=\"https:\/\/citywall.eu\/wp-content\/uploads\/2025\/09\/967___Kanjonfest-2025___DSC2943-845x684.jpg\" class=\"attachment-gallery size-gallery\" alt=\"\" \/><\/a>\n\t\t\t<\/dt><\/dl><dl class='gallery-item'>\n\t\t\t<dt class='gallery-icon landscape'>\n\t\t\t\t<a href='https:\/\/citywall.eu\/de\/973___kanjonfest-2025___dsc2970-2\/'><img decoding=\"async\" width=\"845\" height=\"684\" src=\"https:\/\/citywall.eu\/wp-content\/uploads\/2025\/09\/973___Kanjonfest-2025___DSC2970-845x684.jpg\" class=\"attachment-gallery size-gallery\" alt=\"\" \/><\/a>\n\t\t\t<\/dt><\/dl><br style=\"clear: both\" \/>\n\t\t<\/div>\n\n<p>&nbsp;<\/p>\n<p>&nbsp;<\/p>\n","protected":false},"excerpt":{"rendered":"<p>Citywall war Teil des diesj\u00e4hrigen Kanjonfest 2025. Fest in der lokalen Gemeinschaft verankert, brachte das Kanjonfest Kletterbegeisterte aus aller Welt zusammen. Das Festival bot inspirierende Workshops, ein abwechslungsreiches Kletterprogramm und zahlreiche Momente des Austauschs \u2013 voller Energie und Leidenschaft f\u00fcr den Klettersport. \ud83d\udcaa\ud83e\uddd7\u200d\u2640\ufe0f \ud83d\udcf8 Werfen Sie einen Blick in die Galerie, erleben Sie die besondere [&hellip;]<\/p>\n","protected":false},"author":1,"featured_media":17521,"comment_status":"closed","ping_status":"open","sticky":false,"template":"","format":"standard","meta":{"inline_featured_image":false,"footnotes":""},"categories":[19],"tags":[],"class_list":["post-17382","post","type-post","status-publish","format-standard","has-post-thumbnail","hentry","category-news-de"],"acf":[],"yoast_head":"<!-- This site is optimized with the Yoast SEO plugin v27.3 - https:\/\/yoast.com\/product\/yoast-seo-wordpress\/ -->\n<title>Kanjonfest 2025 - Citywall.eu<\/title>\n<meta name=\"robots\" content=\"index, follow, max-snippet:-1, max-image-preview:large, max-video-preview:-1\" \/>\n<link rel=\"canonical\" href=\"https:\/\/citywall.eu\/de\/de-kanjonfest-2025\/\" \/>\n<meta property=\"og:locale\" content=\"de_DE\" \/>\n<meta property=\"og:type\" content=\"article\" \/>\n<meta property=\"og:title\" content=\"Kanjonfest 2025 - Citywall.eu\" \/>\n<meta property=\"og:description\" content=\"Citywall war Teil des diesj\u00e4hrigen Kanjonfest 2025. Fest in der lokalen Gemeinschaft verankert, brachte das Kanjonfest Kletterbegeisterte aus aller Welt zusammen. Das Festival bot inspirierende Workshops, ein abwechslungsreiches Kletterprogramm und zahlreiche Momente des Austauschs \u2013 voller Energie und Leidenschaft f\u00fcr den Klettersport. \ud83d\udcaa\ud83e\uddd7\u200d\u2640\ufe0f \ud83d\udcf8 Werfen Sie einen Blick in die Galerie, erleben Sie die besondere [&hellip;]\" \/>\n<meta property=\"og:url\" content=\"https:\/\/citywall.eu\/de\/de-kanjonfest-2025\/\" \/>\n<meta property=\"og:site_name\" content=\"Citywall.eu\" \/>\n<meta property=\"article:published_time\" content=\"2025-09-05T09:03:38+00:00\" \/>\n<meta property=\"article:modified_time\" content=\"2026-02-16T12:57:13+00:00\" \/>\n<meta property=\"og:image\" content=\"https:\/\/citywall.eu\/wp-content\/uploads\/2025\/11\/212___Kanjonfest-2025___DSC8359-495x400-1.jpg\" \/>\n\t<meta property=\"og:image:width\" content=\"495\" \/>\n\t<meta property=\"og:image:height\" content=\"400\" \/>\n\t<meta property=\"og:image:type\" content=\"image\/jpeg\" \/>\n<meta name=\"author\" content=\"vendi\" \/>\n<meta name=\"twitter:card\" content=\"summary_large_image\" \/>\n<meta name=\"twitter:label1\" content=\"Verfasst von\" \/>\n\t<meta name=\"twitter:data1\" content=\"vendi\" \/>\n\t<meta name=\"twitter:label2\" content=\"Gesch\u00e4tzte Lesezeit\" \/>\n\t<meta name=\"twitter:data2\" content=\"3\u00a0Minuten\" \/>\n<script type=\"application\/ld+json\" class=\"yoast-schema-graph\">{\"@context\":\"https:\\\/\\\/schema.org\",\"@graph\":[{\"@type\":\"Article\",\"@id\":\"https:\\\/\\\/citywall.eu\\\/de\\\/de-kanjonfest-2025\\\/#article\",\"isPartOf\":{\"@id\":\"https:\\\/\\\/citywall.eu\\\/de\\\/de-kanjonfest-2025\\\/\"},\"author\":{\"name\":\"vendi\",\"@id\":\"https:\\\/\\\/citywall.eu\\\/de\\\/#\\\/schema\\\/person\\\/fe871256e129e2eb130de3d0b81ea658\"},\"headline\":\"Kanjonfest 2025\",\"datePublished\":\"2025-09-05T09:03:38+00:00\",\"dateModified\":\"2026-02-16T12:57:13+00:00\",\"mainEntityOfPage\":{\"@id\":\"https:\\\/\\\/citywall.eu\\\/de\\\/de-kanjonfest-2025\\\/\"},\"wordCount\":93,\"image\":{\"@id\":\"https:\\\/\\\/citywall.eu\\\/de\\\/de-kanjonfest-2025\\\/#primaryimage\"},\"thumbnailUrl\":\"https:\\\/\\\/citywall.eu\\\/wp-content\\\/uploads\\\/2025\\\/11\\\/212___Kanjonfest-2025___DSC8359-495x400-1.jpg\",\"articleSection\":[\"News\"],\"inLanguage\":\"de\"},{\"@type\":\"WebPage\",\"@id\":\"https:\\\/\\\/citywall.eu\\\/de\\\/de-kanjonfest-2025\\\/\",\"url\":\"https:\\\/\\\/citywall.eu\\\/de\\\/de-kanjonfest-2025\\\/\",\"name\":\"Kanjonfest 2025 - Citywall.eu\",\"isPartOf\":{\"@id\":\"https:\\\/\\\/citywall.eu\\\/de\\\/#website\"},\"primaryImageOfPage\":{\"@id\":\"https:\\\/\\\/citywall.eu\\\/de\\\/de-kanjonfest-2025\\\/#primaryimage\"},\"image\":{\"@id\":\"https:\\\/\\\/citywall.eu\\\/de\\\/de-kanjonfest-2025\\\/#primaryimage\"},\"thumbnailUrl\":\"https:\\\/\\\/citywall.eu\\\/wp-content\\\/uploads\\\/2025\\\/11\\\/212___Kanjonfest-2025___DSC8359-495x400-1.jpg\",\"datePublished\":\"2025-09-05T09:03:38+00:00\",\"dateModified\":\"2026-02-16T12:57:13+00:00\",\"author\":{\"@id\":\"https:\\\/\\\/citywall.eu\\\/de\\\/#\\\/schema\\\/person\\\/fe871256e129e2eb130de3d0b81ea658\"},\"breadcrumb\":{\"@id\":\"https:\\\/\\\/citywall.eu\\\/de\\\/de-kanjonfest-2025\\\/#breadcrumb\"},\"inLanguage\":\"de\",\"potentialAction\":[{\"@type\":\"ReadAction\",\"target\":[\"https:\\\/\\\/citywall.eu\\\/de\\\/de-kanjonfest-2025\\\/\"]}]},{\"@type\":\"ImageObject\",\"inLanguage\":\"de\",\"@id\":\"https:\\\/\\\/citywall.eu\\\/de\\\/de-kanjonfest-2025\\\/#primaryimage\",\"url\":\"https:\\\/\\\/citywall.eu\\\/wp-content\\\/uploads\\\/2025\\\/11\\\/212___Kanjonfest-2025___DSC8359-495x400-1.jpg\",\"contentUrl\":\"https:\\\/\\\/citywall.eu\\\/wp-content\\\/uploads\\\/2025\\\/11\\\/212___Kanjonfest-2025___DSC8359-495x400-1.jpg\",\"width\":495,\"height\":400},{\"@type\":\"BreadcrumbList\",\"@id\":\"https:\\\/\\\/citywall.eu\\\/de\\\/de-kanjonfest-2025\\\/#breadcrumb\",\"itemListElement\":[{\"@type\":\"ListItem\",\"position\":1,\"name\":\"Home\",\"item\":\"https:\\\/\\\/citywall.eu\\\/de\\\/homepage\\\/\"},{\"@type\":\"ListItem\",\"position\":2,\"name\":\"Kanjonfest 2025\"}]},{\"@type\":\"WebSite\",\"@id\":\"https:\\\/\\\/citywall.eu\\\/de\\\/#website\",\"url\":\"https:\\\/\\\/citywall.eu\\\/de\\\/\",\"name\":\"Citywall.eu\",\"description\":\"Climbing Walls Manufacturer\",\"potentialAction\":[{\"@type\":\"SearchAction\",\"target\":{\"@type\":\"EntryPoint\",\"urlTemplate\":\"https:\\\/\\\/citywall.eu\\\/de\\\/?s={search_term_string}\"},\"query-input\":{\"@type\":\"PropertyValueSpecification\",\"valueRequired\":true,\"valueName\":\"search_term_string\"}}],\"inLanguage\":\"de\"},{\"@type\":\"Person\",\"@id\":\"https:\\\/\\\/citywall.eu\\\/de\\\/#\\\/schema\\\/person\\\/fe871256e129e2eb130de3d0b81ea658\",\"name\":\"vendi\",\"image\":{\"@type\":\"ImageObject\",\"inLanguage\":\"de\",\"@id\":\"https:\\\/\\\/secure.gravatar.com\\\/avatar\\\/64cc18d0a07062a9d571ca3f1496198d8f213e7ab0de8a870eab6befc1feb187?s=96&d=mm&r=g\",\"url\":\"https:\\\/\\\/secure.gravatar.com\\\/avatar\\\/64cc18d0a07062a9d571ca3f1496198d8f213e7ab0de8a870eab6befc1feb187?s=96&d=mm&r=g\",\"contentUrl\":\"https:\\\/\\\/secure.gravatar.com\\\/avatar\\\/64cc18d0a07062a9d571ca3f1496198d8f213e7ab0de8a870eab6befc1feb187?s=96&d=mm&r=g\",\"caption\":\"vendi\"}}]}<\/script>\n<!-- \/ Yoast SEO plugin. -->","yoast_head_json":{"title":"Kanjonfest 2025 - Citywall.eu","robots":{"index":"index","follow":"follow","max-snippet":"max-snippet:-1","max-image-preview":"max-image-preview:large","max-video-preview":"max-video-preview:-1"},"canonical":"https:\/\/citywall.eu\/de\/de-kanjonfest-2025\/","og_locale":"de_DE","og_type":"article","og_title":"Kanjonfest 2025 - Citywall.eu","og_description":"Citywall war Teil des diesj\u00e4hrigen Kanjonfest 2025. Fest in der lokalen Gemeinschaft verankert, brachte das Kanjonfest Kletterbegeisterte aus aller Welt zusammen. Das Festival bot inspirierende Workshops, ein abwechslungsreiches Kletterprogramm und zahlreiche Momente des Austauschs \u2013 voller Energie und Leidenschaft f\u00fcr den Klettersport. \ud83d\udcaa\ud83e\uddd7\u200d\u2640\ufe0f \ud83d\udcf8 Werfen Sie einen Blick in die Galerie, erleben Sie die besondere [&hellip;]","og_url":"https:\/\/citywall.eu\/de\/de-kanjonfest-2025\/","og_site_name":"Citywall.eu","article_published_time":"2025-09-05T09:03:38+00:00","article_modified_time":"2026-02-16T12:57:13+00:00","og_image":[{"width":495,"height":400,"url":"https:\/\/citywall.eu\/wp-content\/uploads\/2025\/11\/212___Kanjonfest-2025___DSC8359-495x400-1.jpg","type":"image\/jpeg"}],"author":"vendi","twitter_card":"summary_large_image","twitter_misc":{"Verfasst von":"vendi","Gesch\u00e4tzte Lesezeit":"3\u00a0Minuten"},"schema":{"@context":"https:\/\/schema.org","@graph":[{"@type":"Article","@id":"https:\/\/citywall.eu\/de\/de-kanjonfest-2025\/#article","isPartOf":{"@id":"https:\/\/citywall.eu\/de\/de-kanjonfest-2025\/"},"author":{"name":"vendi","@id":"https:\/\/citywall.eu\/de\/#\/schema\/person\/fe871256e129e2eb130de3d0b81ea658"},"headline":"Kanjonfest 2025","datePublished":"2025-09-05T09:03:38+00:00","dateModified":"2026-02-16T12:57:13+00:00","mainEntityOfPage":{"@id":"https:\/\/citywall.eu\/de\/de-kanjonfest-2025\/"},"wordCount":93,"image":{"@id":"https:\/\/citywall.eu\/de\/de-kanjonfest-2025\/#primaryimage"},"thumbnailUrl":"https:\/\/citywall.eu\/wp-content\/uploads\/2025\/11\/212___Kanjonfest-2025___DSC8359-495x400-1.jpg","articleSection":["News"],"inLanguage":"de"},{"@type":"WebPage","@id":"https:\/\/citywall.eu\/de\/de-kanjonfest-2025\/","url":"https:\/\/citywall.eu\/de\/de-kanjonfest-2025\/","name":"Kanjonfest 2025 - Citywall.eu","isPartOf":{"@id":"https:\/\/citywall.eu\/de\/#website"},"primaryImageOfPage":{"@id":"https:\/\/citywall.eu\/de\/de-kanjonfest-2025\/#primaryimage"},"image":{"@id":"https:\/\/citywall.eu\/de\/de-kanjonfest-2025\/#primaryimage"},"thumbnailUrl":"https:\/\/citywall.eu\/wp-content\/uploads\/2025\/11\/212___Kanjonfest-2025___DSC8359-495x400-1.jpg","datePublished":"2025-09-05T09:03:38+00:00","dateModified":"2026-02-16T12:57:13+00:00","author":{"@id":"https:\/\/citywall.eu\/de\/#\/schema\/person\/fe871256e129e2eb130de3d0b81ea658"},"breadcrumb":{"@id":"https:\/\/citywall.eu\/de\/de-kanjonfest-2025\/#breadcrumb"},"inLanguage":"de","potentialAction":[{"@type":"ReadAction","target":["https:\/\/citywall.eu\/de\/de-kanjonfest-2025\/"]}]},{"@type":"ImageObject","inLanguage":"de","@id":"https:\/\/citywall.eu\/de\/de-kanjonfest-2025\/#primaryimage","url":"https:\/\/citywall.eu\/wp-content\/uploads\/2025\/11\/212___Kanjonfest-2025___DSC8359-495x400-1.jpg","contentUrl":"https:\/\/citywall.eu\/wp-content\/uploads\/2025\/11\/212___Kanjonfest-2025___DSC8359-495x400-1.jpg","width":495,"height":400},{"@type":"BreadcrumbList","@id":"https:\/\/citywall.eu\/de\/de-kanjonfest-2025\/#breadcrumb","itemListElement":[{"@type":"ListItem","position":1,"name":"Home","item":"https:\/\/citywall.eu\/de\/homepage\/"},{"@type":"ListItem","position":2,"name":"Kanjonfest 2025"}]},{"@type":"WebSite","@id":"https:\/\/citywall.eu\/de\/#website","url":"https:\/\/citywall.eu\/de\/","name":"Citywall.eu","description":"Climbing Walls Manufacturer","potentialAction":[{"@type":"SearchAction","target":{"@type":"EntryPoint","urlTemplate":"https:\/\/citywall.eu\/de\/?s={search_term_string}"},"query-input":{"@type":"PropertyValueSpecification","valueRequired":true,"valueName":"search_term_string"}}],"inLanguage":"de"},{"@type":"Person","@id":"https:\/\/citywall.eu\/de\/#\/schema\/person\/fe871256e129e2eb130de3d0b81ea658","name":"vendi","image":{"@type":"ImageObject","inLanguage":"de","@id":"https:\/\/secure.gravatar.com\/avatar\/64cc18d0a07062a9d571ca3f1496198d8f213e7ab0de8a870eab6befc1feb187?s=96&d=mm&r=g","url":"https:\/\/secure.gravatar.com\/avatar\/64cc18d0a07062a9d571ca3f1496198d8f213e7ab0de8a870eab6befc1feb187?s=96&d=mm&r=g","contentUrl":"https:\/\/secure.gravatar.com\/avatar\/64cc18d0a07062a9d571ca3f1496198d8f213e7ab0de8a870eab6befc1feb187?s=96&d=mm&r=g","caption":"vendi"}}]}},"_links":{"self":[{"href":"https:\/\/citywall.eu\/de\/wp-json\/wp\/v2\/posts\/17382","targetHints":{"allow":["GET"]}}],"collection":[{"href":"https:\/\/citywall.eu\/de\/wp-json\/wp\/v2\/posts"}],"about":[{"href":"https:\/\/citywall.eu\/de\/wp-json\/wp\/v2\/types\/post"}],"author":[{"embeddable":true,"href":"https:\/\/citywall.eu\/de\/wp-json\/wp\/v2\/users\/1"}],"replies":[{"embeddable":true,"href":"https:\/\/citywall.eu\/de\/wp-json\/wp\/v2\/comments?post=17382"}],"version-history":[{"count":4,"href":"https:\/\/citywall.eu\/de\/wp-json\/wp\/v2\/posts\/17382\/revisions"}],"predecessor-version":[{"id":17566,"href":"https:\/\/citywall.eu\/de\/wp-json\/wp\/v2\/posts\/17382\/revisions\/17566"}],"wp:featuredmedia":[{"embeddable":true,"href":"https:\/\/citywall.eu\/de\/wp-json\/wp\/v2\/media\/17521"}],"wp:attachment":[{"href":"https:\/\/citywall.eu\/de\/wp-json\/wp\/v2\/media?parent=17382"}],"wp:term":[{"taxonomy":"category","embeddable":true,"href":"https:\/\/citywall.eu\/de\/wp-json\/wp\/v2\/categories?post=17382"},{"taxonomy":"post_tag","embeddable":true,"href":"https:\/\/citywall.eu\/de\/wp-json\/wp\/v2\/tags?post=17382"}],"curies":[{"name":"wp","href":"https:\/\/api.w.org\/{rel}","templated":true}]}}